{"id":3658,"date":"2026-06-23T19:09:15","date_gmt":"2026-06-23T22:09:15","guid":{"rendered":"https:\/\/audiview.com.br\/news\/craque-neto-compara-messi-e-neymar-em-historico-de-lesoes\/"},"modified":"2026-06-23T19:09:15","modified_gmt":"2026-06-23T22:09:15","slug":"craque-neto-compara-messi-e-neymar-em-historico-de-lesoes","status":"publish","type":"post","link":"https:\/\/audiview.com.br\/news\/craque-neto-compara-messi-e-neymar-em-historico-de-lesoes\/","title":{"rendered":"Craque Neto compara Messi e Neymar em hist\u00f3rico de les\u00f5es"},"content":{"rendered":"<p>O comentarista e ex-jogador Craque Neto, durante seu programa &#8220;Os Donos da Bola&#8221;, realizou uma an\u00e1lise comparativa aprofundada entre os hist\u00f3ricos de les\u00f5es dos renomados atacantes Lionel Messi, do Inter Miami e da sele\u00e7\u00e3o argentina, e Neymar, jogador do Santos e integrante da Sele\u00e7\u00e3o Brasileira. A discuss\u00e3o focou na longevidade e na frequ\u00eancia com que os dois atletas enfrentam problemas f\u00edsicos ao longo de suas carreiras.<\/p>\n<p>Neto destacou a not\u00e1vel resili\u00eancia de Lionel Messi, questionando a audi\u00eancia sobre a mem\u00f3ria de les\u00f5es graves ou prolongadas sofridas pelo argentino. &#8220;Voc\u00ea v\u00ea ele (Messi) machucado da panturrilha, como Neymar t\u00e1? N\u00e3o! Voc\u00ea v\u00ea ele machucado com uma les\u00e3o muscular? Quando voc\u00eas lembram de uma\u2026&#8221;, ponderou Neto, ressaltando a diferen\u00e7a na gest\u00e3o de sua condi\u00e7\u00e3o f\u00edsica. Ele prosseguiu com uma s\u00e9rie de perguntas ret\u00f3ricas que evidenciam a rara ocorr\u00eancia de afastamentos prolongados para Messi ao longo de sua trajet\u00f3ria no Barcelona, Paris Saint-Germain e Inter Miami.<\/p>\n<p>A fala de Neto culminou em um veemente apelo a Neymar. &#8220;Qual foi o dia que o Messi ficou 10 dias sem treinar? Que ele tenha ficado cinco jogos sem jogar em qualquer que seja o clube? Ent\u00e3o a\u00ed, \u00f4 Neymar, \u00e9 isso s\u00f3 que eu quero de voc\u00ea. \u00c9 s\u00f3 isso. Ele tem 39 anos, voc\u00ea tem 34\u201d, declarou o apresentador, sublinhando a preocupa\u00e7\u00e3o com a continuidade da carreira do camisa 10 brasileiro e sua capacidade de permanecer em campo, dado o frequente hist\u00f3rico de les\u00f5es musculares e articulares que o tem afastado dos gramados.<\/p>\n<p>A cr\u00edtica de Neto ganha relev\u00e2ncia no contexto atual de Neymar. Convocado para a Copa do Mundo de 2026, o atacante ainda n\u00e3o teve a oportunidade de entrar em campo pela Sele\u00e7\u00e3o Brasileira nesta edi\u00e7\u00e3o do torneio, justamente por conta de quest\u00f5es de sa\u00fade. O Brasil j\u00e1 disputou duas partidas na competi\u00e7\u00e3o, enfrentando Marrocos e Haiti. Felizmente, informa\u00e7\u00f5es recentes indicam que Neymar foi liberado para atuar e existe a expectativa de que ele possa fazer sua t\u00e3o aguardada estreia no Mundial no confronto contra a Esc\u00f3cia, agendado para esta quarta-feira (24\/6), marcando um momento crucial para sua participa\u00e7\u00e3o no torneio.<\/p>\n<p><small>Fonte: Entretenimento &#8211; Metropoles<\/small><\/p>\n","protected":false},"excerpt":{"rendered":"<p>Craque Neto analisou o hist\u00f3rico de les\u00f5es de Lionel Messi e Neymar, fazendo um apelo ao atacante brasileiro para manter sua forma f\u00edsica e longevidade no esporte, em meio \u00e0 sua recupera\u00e7\u00e3o para a Copa do Mundo.<\/p>\n","protected":false},"author":1,"featured_media":3657,"comment_status":"open","ping_status":"open","sticky":false,"template":"","format":"standard","meta":{"_jetpack_newsletter_access":"","_jetpack_dont_email_post_to_subs":false,"_jetpack_newsletter_tier_id":0,"_jetpack_memberships_contains_paywalled_content":false,"_jetpack_feature_clip_id":0,"_jetpack_memberships_contains_paid_content":false,"footnotes":"","jetpack_publicize_message":"","jetpack_publicize_feature_enabled":true,"jetpack_social_post_already_shared":true,"jetpack_social_options":{"image_generator_settings":{"template":"highway","default_image_id":0,"font":"","enabled":false},"version":2},"jetpack_post_was_ever_published":false},"categories":[4],"tags":[2977,2980,2979,1722],"class_list":["post-3658","post","type-post","status-publish","format-standard","has-post-thumbnail","hentry","category-famosos","tag-craque-neto","tag-lesoes-no-futebol","tag-lionel-messi","tag-neymar"],"jetpack_publicize_connections":[],"jetpack_featured_media_url":"https:\/\/audiview.com.br\/news\/wp-content\/uploads\/2026\/06\/news-1782252552.webp","jetpack_sharing_enabled":true,"_links":{"self":[{"href":"https:\/\/audiview.com.br\/news\/wp-json\/wp\/v2\/posts\/3658","targetHints":{"allow":["GET"]}}],"collection":[{"href":"https:\/\/audiview.com.br\/news\/wp-json\/wp\/v2\/posts"}],"about":[{"href":"https:\/\/audiview.com.br\/news\/wp-json\/wp\/v2\/types\/post"}],"author":[{"embeddable":true,"href":"https:\/\/audiview.com.br\/news\/wp-json\/wp\/v2\/users\/1"}],"replies":[{"embeddable":true,"href":"https:\/\/audiview.com.br\/news\/wp-json\/wp\/v2\/comments?post=3658"}],"version-history":[{"count":0,"href":"https:\/\/audiview.com.br\/news\/wp-json\/wp\/v2\/posts\/3658\/revisions"}],"wp:featuredmedia":[{"embeddable":true,"href":"https:\/\/audiview.com.br\/news\/wp-json\/wp\/v2\/media\/3657"}],"wp:attachment":[{"href":"https:\/\/audiview.com.br\/news\/wp-json\/wp\/v2\/media?parent=3658"}],"wp:term":[{"taxonomy":"category","embeddable":true,"href":"https:\/\/audiview.com.br\/news\/wp-json\/wp\/v2\/categories?post=3658"},{"taxonomy":"post_tag","embeddable":true,"href":"https:\/\/audiview.com.br\/news\/wp-json\/wp\/v2\/tags?post=3658"}],"curies":[{"name":"wp","href":"https:\/\/api.w.org\/{rel}","templated":true}]}}